{"id":185,"date":"2020-05-23T10:27:44","date_gmt":"2020-05-23T13:27:44","guid":{"rendered":"https:\/\/foroparaeldiadespues.net.ar\/?p=185"},"modified":"2020-07-02T18:25:05","modified_gmt":"2020-07-02T21:25:05","slug":"alfabetizacion-tecnologica-septimo-encuentro","status":"publish","type":"post","link":"https:\/\/foroparaeldiadespues.net.ar\/?p=185","title":{"rendered":"Alfabetizaci\u00f3n Tecnol\u00f3gica \u2013 M\u00e1s ciencia y m\u00e1s tecnolog\u00eda"},"content":{"rendered":"\n<figure class=\"wp-block-image size-large\"><img loading=\"lazy\" decoding=\"async\" width=\"850\" height=\"850\" src=\"https:\/\/foroparaeldiadespues.net.ar\/wp-content\/uploads\/2020\/05\/ANUNCIO-ALFABETIZACION-TECNOLOGICA-22may2020.jpg\" alt=\"\" class=\"wp-image-186\" srcset=\"https:\/\/foroparaeldiadespues.net.ar\/wp-content\/uploads\/2020\/05\/ANUNCIO-ALFABETIZACION-TECNOLOGICA-22may2020.jpg 850w, https:\/\/foroparaeldiadespues.net.ar\/wp-content\/uploads\/2020\/05\/ANUNCIO-ALFABETIZACION-TECNOLOGICA-22may2020-300x300.jpg 300w, https:\/\/foroparaeldiadespues.net.ar\/wp-content\/uploads\/2020\/05\/ANUNCIO-ALFABETIZACION-TECNOLOGICA-22may2020-150x150.jpg 150w, https:\/\/foroparaeldiadespues.net.ar\/wp-content\/uploads\/2020\/05\/ANUNCIO-ALFABETIZACION-TECNOLOGICA-22may2020-768x768.jpg 768w, https:\/\/foroparaeldiadespues.net.ar\/wp-content\/uploads\/2020\/05\/ANUNCIO-ALFABETIZACION-TECNOLOGICA-22may2020-90x90.jpg 90w\" sizes=\"auto, (max-width: 850px) 100vw, 850px\" \/><\/figure>\n\n\n\n<p><strong>M\u00c1S CIENCIA Y M\u00c1S TECNOLOG\u00cdA<\/strong><\/p>\n\n\n\n<p><strong>para superar la crisis del coronavirus<\/strong><\/p>\n\n\n\n<p><strong>\u00bfCu\u00e1l es el aporte que la ciencia y la tecnolog\u00eda argentinas est\u00e1n realizando para superar a la pandemia? \u00bfY cu\u00e1l ser\u00e1 en la reconstrucci\u00f3n del D\u00eda Despu\u00e9s?<\/strong><\/p>\n\n\n\n<p><strong>El Lic. Fernando Peirano, presidente de la Agencia I+D+i del Ministerio de Ciencia, Tecnolog\u00eda e Innovaci\u00f3n Productiva responde a esas preguntas en nuestro Foro.<\/strong><\/p>\n\n\n\n<h4 class=\"has-vivid-cyan-blue-color has-text-color has-text-align-center wp-block-heading\">VIDEO DEL S\u00c9PTIMO ENCUENTRO<\/h4>\n\n\n\n<figure class=\"wp-block-embed-youtube wp-block-embed is-type-video is-provider-youtube wp-embed-aspect-4-3 wp-has-aspect-ratio\"><div class=\"wp-block-embed__wrapper\">\n<iframe loading=\"lazy\"  id=\"_ytid_50725\"  width=\"480\" height=\"360\"  data-origwidth=\"480\" data-origheight=\"360\"  data-relstop=\"1\" src=\"https:\/\/www.youtube.com\/embed\/zq1asU44dK0?enablejsapi=1&#038;autoplay=0&#038;cc_load_policy=0&#038;cc_lang_pref=&#038;iv_load_policy=1&#038;loop=0&#038;rel=0&#038;fs=1&#038;playsinline=0&#038;autohide=2&#038;theme=dark&#038;color=red&#038;controls=1&#038;disablekb=0&#038;\" class=\"__youtube_prefs__  epyt-is-override  no-lazyload\" title=\"YouTube player\"  allow=\"fullscreen; accelerometer; autoplay; clipboard-write; encrypted-media; gyroscope; picture-in-picture; web-share\" referrerpolicy=\"strict-origin-when-cross-origin\" allowfullscreen data-no-lazy=\"1\" data-skipgform_ajax_framebjll=\"\"><\/iframe>\n<\/div><\/figure>\n","protected":false},"excerpt":{"rendered":"<p>M\u00c1S CIENCIA Y M\u00c1S TECNOLOG\u00cdA para superar la crisis del coronavirus \u00bfCu\u00e1l es el aporte que la ciencia y la tecnolog\u00eda argentinas est\u00e1n realizando para superar a la pandemia? \u00bfY cu\u00e1l ser\u00e1 en la reconstrucci\u00f3n del D\u00eda Despu\u00e9s? El Lic. Fernando Peirano, presidente de la Agencia I+D+i del Ministerio de Ciencia, Tecnolog\u00eda e Innovaci\u00f3n Productiva [&hellip;]<\/p>\n","protected":false},"author":1,"featured_media":0,"comment_status":"open","ping_status":"closed","sticky":false,"template":"","format":"standard","meta":{"footnotes":""},"categories":[4],"tags":[],"class_list":["post-185","post","type-post","status-publish","format-standard","hentry","category-alfabetizacion-tecnologica"],"_links":{"self":[{"href":"https:\/\/foroparaeldiadespues.net.ar\/index.php?rest_route=\/wp\/v2\/posts\/185","targetHints":{"allow":["GET"]}}],"collection":[{"href":"https:\/\/foroparaeldiadespues.net.ar\/index.php?rest_route=\/wp\/v2\/posts"}],"about":[{"href":"https:\/\/foroparaeldiadespues.net.ar\/index.php?rest_route=\/wp\/v2\/types\/post"}],"author":[{"embeddable":true,"href":"https:\/\/foroparaeldiadespues.net.ar\/index.php?rest_route=\/wp\/v2\/users\/1"}],"replies":[{"embeddable":true,"href":"https:\/\/foroparaeldiadespues.net.ar\/index.php?rest_route=%2Fwp%2Fv2%2Fcomments&post=185"}],"version-history":[{"count":3,"href":"https:\/\/foroparaeldiadespues.net.ar\/index.php?rest_route=\/wp\/v2\/posts\/185\/revisions"}],"predecessor-version":[{"id":661,"href":"https:\/\/foroparaeldiadespues.net.ar\/index.php?rest_route=\/wp\/v2\/posts\/185\/revisions\/661"}],"wp:attachment":[{"href":"https:\/\/foroparaeldiadespues.net.ar\/index.php?rest_route=%2Fwp%2Fv2%2Fmedia&parent=185"}],"wp:term":[{"taxonomy":"category","embeddable":true,"href":"https:\/\/foroparaeldiadespues.net.ar\/index.php?rest_route=%2Fwp%2Fv2%2Fcategories&post=185"},{"taxonomy":"post_tag","embeddable":true,"href":"https:\/\/foroparaeldiadespues.net.ar\/index.php?rest_route=%2Fwp%2Fv2%2Ftags&post=185"}],"curies":[{"name":"wp","href":"https:\/\/api.w.org\/{rel}","templated":true}]}}