{"id":201,"date":"2020-05-26T10:37:41","date_gmt":"2020-05-26T13:37:41","guid":{"rendered":"https:\/\/foroparaeldiadespues.net.ar\/?p=201"},"modified":"2020-07-02T18:19:17","modified_gmt":"2020-07-02T21:19:17","slug":"politica-y-tecnologia-noveno-encuentro","status":"publish","type":"post","link":"https:\/\/foroparaeldiadespues.net.ar\/?p=201","title":{"rendered":"Pol\u00edtica y Tecnolog\u00eda \u2013 Un Silicon Valley con anab\u00f3licos?"},"content":{"rendered":"\n<figure class=\"wp-block-image size-large\"><img loading=\"lazy\" decoding=\"async\" width=\"850\" height=\"850\" src=\"https:\/\/foroparaeldiadespues.net.ar\/wp-content\/uploads\/2020\/05\/ANUNCIO-POLITICA-Y-TECNOLOG\u00cdA-8.jpg\" alt=\"\" class=\"wp-image-202\" srcset=\"https:\/\/foroparaeldiadespues.net.ar\/wp-content\/uploads\/2020\/05\/ANUNCIO-POLITICA-Y-TECNOLOG\u00cdA-8.jpg 850w, https:\/\/foroparaeldiadespues.net.ar\/wp-content\/uploads\/2020\/05\/ANUNCIO-POLITICA-Y-TECNOLOG\u00cdA-8-300x300.jpg 300w, https:\/\/foroparaeldiadespues.net.ar\/wp-content\/uploads\/2020\/05\/ANUNCIO-POLITICA-Y-TECNOLOG\u00cdA-8-150x150.jpg 150w, https:\/\/foroparaeldiadespues.net.ar\/wp-content\/uploads\/2020\/05\/ANUNCIO-POLITICA-Y-TECNOLOG\u00cdA-8-768x768.jpg 768w, https:\/\/foroparaeldiadespues.net.ar\/wp-content\/uploads\/2020\/05\/ANUNCIO-POLITICA-Y-TECNOLOG\u00cdA-8-90x90.jpg 90w\" sizes=\"auto, (max-width: 850px) 100vw, 850px\" \/><\/figure>\n\n\n\n<p>Esteban Magnani es Licenciado en Ciencias de la Comunicaci\u00f3n de la UBA, carrera en la que tambi\u00e9n es docente en la c\u00e1tedra Guti\u00e9rrez \u00abPrincipales Corrientes del Pensamiento Contempor\u00e1neo\u00bb. Tiene un MA in Media &amp; Communication (London University) gracias a una beca del British Council. Es escritor, docente y periodista. Colabora habitualmente en el diario P\u00e1gina\/12, sobre todo en el suplemento Futuro, en Cash, Anfibia. Desde octubre de 2012 a diciembre de 2015 condujo la columna de tecnolog\u00eda del noticiero de la TV P\u00fablica Visi\u00f3n 7.<br><br>Escribi\u00f3 junto al gran Leonardo Moledo los libros sobre historia de la ciencia \u201c10 Teor\u00edas que conmovieron el mundo I\u201d y \u201c10 Teor\u00edas que conmovieron el mundo II\u201d del a\u00f1o 2006, Ed. Capital Intelectual, colecci\u00f3n Claves para Todos (m\u00e1s informaci\u00f3n). En 2011 public\u00f3 su primera novela \u201cDesde la Revoluci\u00f3n\u201d. En 2014 public\u00f3 \u201cTensi\u00f3n en la red\u201c. Libertad y control en la era digital\u201d.<br><br>Desde octubre de 2016 es director de Medios Audiovisuales y Digitales de la Universidad Nacional de Rafaela.<\/p>\n\n\n\n<h4 class=\"has-vivid-cyan-blue-color has-text-color has-text-align-center wp-block-heading\">VIDEO DEL ENCUENTRO<\/h4>\n\n\n\n<figure class=\"wp-block-embed-youtube wp-block-embed is-type-video is-provider-youtube wp-embed-aspect-16-9 wp-has-aspect-ratio wp-embed-aspect-4-3\"><div class=\"wp-block-embed__wrapper\">\n<iframe loading=\"lazy\"  id=\"_ytid_24615\"  width=\"480\" height=\"360\"  data-origwidth=\"480\" data-origheight=\"360\"  data-relstop=\"1\" src=\"https:\/\/www.youtube.com\/embed\/XbxuqgJDLaM?enablejsapi=1&#038;autoplay=0&#038;cc_load_policy=0&#038;cc_lang_pref=&#038;iv_load_policy=1&#038;loop=0&#038;rel=0&#038;fs=1&#038;playsinline=0&#038;autohide=2&#038;theme=dark&#038;color=red&#038;controls=1&#038;disablekb=0&#038;\" class=\"__youtube_prefs__  epyt-is-override  no-lazyload\" title=\"YouTube player\"  allow=\"fullscreen; accelerometer; autoplay; clipboard-write; encrypted-media; gyroscope; picture-in-picture; web-share\" referrerpolicy=\"strict-origin-when-cross-origin\" allowfullscreen data-no-lazy=\"1\" data-skipgform_ajax_framebjll=\"\"><\/iframe>\n<\/div><\/figure>\n","protected":false},"excerpt":{"rendered":"<p>Esteban Magnani es Licenciado en Ciencias de la Comunicaci\u00f3n de la UBA, carrera en la que tambi\u00e9n es docente en la c\u00e1tedra Guti\u00e9rrez \u00abPrincipales Corrientes del Pensamiento Contempor\u00e1neo\u00bb. Tiene un MA in Media &amp; Communication (London University) gracias a una beca del British Council. Es escritor, docente y periodista. Colabora habitualmente en el diario P\u00e1gina\/12, [&hellip;]<\/p>\n","protected":false},"author":1,"featured_media":0,"comment_status":"open","ping_status":"closed","sticky":false,"template":"","format":"standard","meta":{"footnotes":""},"categories":[3],"tags":[],"class_list":["post-201","post","type-post","status-publish","format-standard","hentry","category-politica-y-tecnologia"],"_links":{"self":[{"href":"https:\/\/foroparaeldiadespues.net.ar\/index.php?rest_route=\/wp\/v2\/posts\/201","targetHints":{"allow":["GET"]}}],"collection":[{"href":"https:\/\/foroparaeldiadespues.net.ar\/index.php?rest_route=\/wp\/v2\/posts"}],"about":[{"href":"https:\/\/foroparaeldiadespues.net.ar\/index.php?rest_route=\/wp\/v2\/types\/post"}],"author":[{"embeddable":true,"href":"https:\/\/foroparaeldiadespues.net.ar\/index.php?rest_route=\/wp\/v2\/users\/1"}],"replies":[{"embeddable":true,"href":"https:\/\/foroparaeldiadespues.net.ar\/index.php?rest_route=%2Fwp%2Fv2%2Fcomments&post=201"}],"version-history":[{"count":4,"href":"https:\/\/foroparaeldiadespues.net.ar\/index.php?rest_route=\/wp\/v2\/posts\/201\/revisions"}],"predecessor-version":[{"id":662,"href":"https:\/\/foroparaeldiadespues.net.ar\/index.php?rest_route=\/wp\/v2\/posts\/201\/revisions\/662"}],"wp:attachment":[{"href":"https:\/\/foroparaeldiadespues.net.ar\/index.php?rest_route=%2Fwp%2Fv2%2Fmedia&parent=201"}],"wp:term":[{"taxonomy":"category","embeddable":true,"href":"https:\/\/foroparaeldiadespues.net.ar\/index.php?rest_route=%2Fwp%2Fv2%2Fcategories&post=201"},{"taxonomy":"post_tag","embeddable":true,"href":"https:\/\/foroparaeldiadespues.net.ar\/index.php?rest_route=%2Fwp%2Fv2%2Ftags&post=201"}],"curies":[{"name":"wp","href":"https:\/\/api.w.org\/{rel}","templated":true}]}}