{"id":467,"date":"2020-06-16T12:41:16","date_gmt":"2020-06-16T15:41:16","guid":{"rendered":"https:\/\/foroparaeldiadespues.net.ar\/?p=467"},"modified":"2020-07-02T18:24:21","modified_gmt":"2020-07-02T21:24:21","slug":"alfabetizacion-tecnologica-decimo-encuentro","status":"publish","type":"post","link":"https:\/\/foroparaeldiadespues.net.ar\/?p=467","title":{"rendered":"Alfabetizaci\u00f3n Tecnol\u00f3gica \u2013 Riesgos psicosociales del teletrabajo"},"content":{"rendered":"\n<figure class=\"wp-block-image size-large\"><img loading=\"lazy\" decoding=\"async\" width=\"850\" height=\"850\" src=\"https:\/\/foroparaeldiadespues.net.ar\/wp-content\/uploads\/2020\/06\/ANUNCIO-ALFABETIZACION-TECNOLOGICA-Neffa.jpg\" alt=\"\" class=\"wp-image-465\" srcset=\"https:\/\/foroparaeldiadespues.net.ar\/wp-content\/uploads\/2020\/06\/ANUNCIO-ALFABETIZACION-TECNOLOGICA-Neffa.jpg 850w, https:\/\/foroparaeldiadespues.net.ar\/wp-content\/uploads\/2020\/06\/ANUNCIO-ALFABETIZACION-TECNOLOGICA-Neffa-300x300.jpg 300w, https:\/\/foroparaeldiadespues.net.ar\/wp-content\/uploads\/2020\/06\/ANUNCIO-ALFABETIZACION-TECNOLOGICA-Neffa-150x150.jpg 150w, https:\/\/foroparaeldiadespues.net.ar\/wp-content\/uploads\/2020\/06\/ANUNCIO-ALFABETIZACION-TECNOLOGICA-Neffa-768x768.jpg 768w, https:\/\/foroparaeldiadespues.net.ar\/wp-content\/uploads\/2020\/06\/ANUNCIO-ALFABETIZACION-TECNOLOGICA-Neffa-90x90.jpg 90w\" sizes=\"auto, (max-width: 850px) 100vw, 850px\" \/><\/figure>\n\n\n\n<p><strong>Licenciado en Econom\u00eda Pol\u00edtica, Universidad de Buenos Aires<br>Diplomado de l\u00b4Ecole Nationale d\u00b4Administration (ENA) de Francia<br>Diploma del Tercer Ciclo del Institut d\u00b4Etudes du D\u00e9veloppement Economique et Social (IEDES) Universidad de Paris I<br>Doctor en Sciences Sociales du Travail (especialidad Econom\u00eda) de la Universidad de Paris I<\/strong><\/p>\n\n\n\n<p><strong>Investigador Superior del CONICET en el CEIL, programa&nbsp;<\/strong><a href=\"http:\/\/www.ceil-conicet.gov.ar\/investigacion\/trabajo-y-empleo-urbanos\/\"><strong>Trabajo y empleo urbanos<\/strong><\/a><strong><br>Profesor en las Facultades de Ciencias Econ\u00f3micas de la Universidad Nacional de La Plata y de Buenos Aires y en la Facultad de Ciencias Sociales de la Universidad de Buenos Aires.<\/strong><\/p>\n\n\n\n<p><strong>Econom\u00eda del trabajo y del empleo, procesos y organizaci\u00f3n del trabajo, condiciones y medio ambiente de trabajo, relaciones de trabajo<\/strong>, teor\u00eda de la regulaci\u00f3n, econom\u00eda del desarrollo y econom\u00eda de las innovaciones cient\u00edficas y tecnol\u00f3gicas<\/p>\n\n\n\n<figure class=\"wp-block-embed-youtube wp-block-embed is-type-video is-provider-youtube wp-embed-aspect-4-3 wp-has-aspect-ratio wp-embed-aspect-16-9\"><div class=\"wp-block-embed__wrapper\">\n<iframe loading=\"lazy\"  id=\"_ytid_36482\"  width=\"480\" height=\"270\"  data-origwidth=\"480\" data-origheight=\"270\"  data-relstop=\"1\" src=\"https:\/\/www.youtube.com\/embed\/i9Rq6acoeDI?enablejsapi=1&#038;autoplay=0&#038;cc_load_policy=0&#038;cc_lang_pref=&#038;iv_load_policy=1&#038;loop=0&#038;rel=0&#038;fs=1&#038;playsinline=0&#038;autohide=2&#038;theme=dark&#038;color=red&#038;controls=1&#038;disablekb=0&#038;\" class=\"__youtube_prefs__  epyt-is-override  no-lazyload\" title=\"YouTube player\"  allow=\"fullscreen; accelerometer; autoplay; clipboard-write; encrypted-media; gyroscope; picture-in-picture; web-share\" referrerpolicy=\"strict-origin-when-cross-origin\" allowfullscreen data-no-lazy=\"1\" data-skipgform_ajax_framebjll=\"\"><\/iframe>\n<\/div><\/figure>\n","protected":false},"excerpt":{"rendered":"<p>Licenciado en Econom\u00eda Pol\u00edtica, Universidad de Buenos AiresDiplomado de l\u00b4Ecole Nationale d\u00b4Administration (ENA) de FranciaDiploma del Tercer Ciclo del Institut d\u00b4Etudes du D\u00e9veloppement Economique et Social (IEDES) Universidad de Paris IDoctor en Sciences Sociales du Travail (especialidad Econom\u00eda) de la Universidad de Paris I Investigador Superior del CONICET en el CEIL, programa&nbsp;Trabajo y empleo urbanosProfesor [&hellip;]<\/p>\n","protected":false},"author":1,"featured_media":0,"comment_status":"open","ping_status":"closed","sticky":false,"template":"","format":"standard","meta":{"footnotes":""},"categories":[4],"tags":[],"class_list":["post-467","post","type-post","status-publish","format-standard","hentry","category-alfabetizacion-tecnologica"],"_links":{"self":[{"href":"https:\/\/foroparaeldiadespues.net.ar\/index.php?rest_route=\/wp\/v2\/posts\/467","targetHints":{"allow":["GET"]}}],"collection":[{"href":"https:\/\/foroparaeldiadespues.net.ar\/index.php?rest_route=\/wp\/v2\/posts"}],"about":[{"href":"https:\/\/foroparaeldiadespues.net.ar\/index.php?rest_route=\/wp\/v2\/types\/post"}],"author":[{"embeddable":true,"href":"https:\/\/foroparaeldiadespues.net.ar\/index.php?rest_route=\/wp\/v2\/users\/1"}],"replies":[{"embeddable":true,"href":"https:\/\/foroparaeldiadespues.net.ar\/index.php?rest_route=%2Fwp%2Fv2%2Fcomments&post=467"}],"version-history":[{"count":5,"href":"https:\/\/foroparaeldiadespues.net.ar\/index.php?rest_route=\/wp\/v2\/posts\/467\/revisions"}],"predecessor-version":[{"id":667,"href":"https:\/\/foroparaeldiadespues.net.ar\/index.php?rest_route=\/wp\/v2\/posts\/467\/revisions\/667"}],"wp:attachment":[{"href":"https:\/\/foroparaeldiadespues.net.ar\/index.php?rest_route=%2Fwp%2Fv2%2Fmedia&parent=467"}],"wp:term":[{"taxonomy":"category","embeddable":true,"href":"https:\/\/foroparaeldiadespues.net.ar\/index.php?rest_route=%2Fwp%2Fv2%2Fcategories&post=467"},{"taxonomy":"post_tag","embeddable":true,"href":"https:\/\/foroparaeldiadespues.net.ar\/index.php?rest_route=%2Fwp%2Fv2%2Ftags&post=467"}],"curies":[{"name":"wp","href":"https:\/\/api.w.org\/{rel}","templated":true}]}}