{"id":766,"date":"2020-08-01T10:39:49","date_gmt":"2020-08-01T13:39:49","guid":{"rendered":"https:\/\/foroparaeldiadespues.net.ar\/?p=766"},"modified":"2020-08-26T15:34:56","modified_gmt":"2020-08-26T18:34:56","slug":"presupuesto-argentino-para-ciencia-y-tecnologia-poco-o-mal-usado","status":"publish","type":"post","link":"https:\/\/foroparaeldiadespues.net.ar\/?p=766","title":{"rendered":"Presupuesto argentino para  ciencia y tecnolog\u00eda  \u00bfPOCO &#8230; O MAL USADO?"},"content":{"rendered":"\n<figure class=\"wp-block-image size-large\"><img loading=\"lazy\" decoding=\"async\" width=\"850\" height=\"850\" src=\"https:\/\/foroparaeldiadespues.net.ar\/wp-content\/uploads\/2020\/08\/ANUNCIO-Fondo-Verde-STEFANI.jpg\" alt=\"\" class=\"wp-image-767\" srcset=\"https:\/\/foroparaeldiadespues.net.ar\/wp-content\/uploads\/2020\/08\/ANUNCIO-Fondo-Verde-STEFANI.jpg 850w, https:\/\/foroparaeldiadespues.net.ar\/wp-content\/uploads\/2020\/08\/ANUNCIO-Fondo-Verde-STEFANI-300x300.jpg 300w, https:\/\/foroparaeldiadespues.net.ar\/wp-content\/uploads\/2020\/08\/ANUNCIO-Fondo-Verde-STEFANI-150x150.jpg 150w, https:\/\/foroparaeldiadespues.net.ar\/wp-content\/uploads\/2020\/08\/ANUNCIO-Fondo-Verde-STEFANI-768x768.jpg 768w, https:\/\/foroparaeldiadespues.net.ar\/wp-content\/uploads\/2020\/08\/ANUNCIO-Fondo-Verde-STEFANI-90x90.jpg 90w\" sizes=\"auto, (max-width: 850px) 100vw, 850px\" \/><\/figure>\n\n\n\n<hr class=\"wp-block-separator\"\/>\n\n\n\n<figure class=\"wp-block-embed-youtube wp-block-embed is-type-video is-provider-youtube wp-embed-aspect-16-9 wp-has-aspect-ratio\"><div class=\"wp-block-embed__wrapper\">\n<iframe loading=\"lazy\"  id=\"_ytid_43436\"  width=\"480\" height=\"270\"  data-origwidth=\"480\" data-origheight=\"270\"  data-relstop=\"1\" src=\"https:\/\/www.youtube.com\/embed\/DL5vbIo6rbo?enablejsapi=1&#038;autoplay=0&#038;cc_load_policy=0&#038;cc_lang_pref=&#038;iv_load_policy=1&#038;loop=0&#038;rel=0&#038;fs=1&#038;playsinline=0&#038;autohide=2&#038;theme=dark&#038;color=red&#038;controls=1&#038;disablekb=0&#038;\" class=\"__youtube_prefs__  epyt-is-override  no-lazyload\" title=\"YouTube player\"  allow=\"fullscreen; accelerometer; autoplay; clipboard-write; encrypted-media; gyroscope; picture-in-picture; web-share\" referrerpolicy=\"strict-origin-when-cross-origin\" allowfullscreen data-no-lazy=\"1\" data-skipgform_ajax_framebjll=\"\"><\/iframe>\n<\/div><figcaption><strong>EXPOSICI\u00d3N DEL DR. FERNANDO STEFANI<\/strong><\/figcaption><\/figure>\n\n\n\n<hr class=\"wp-block-separator\"\/>\n\n\n\n<p>Le pedimos al cient\u00edfico argentino Fernando Stefani que nos responda esta pregunta:<\/p>\n\n\n\n<h4 class=\"has-text-align-center wp-block-heading\"><strong>\u00bfCu\u00e1l deber\u00eda ser el rol de la ciencia en la innovaci\u00f3n industrial y el crecimiento econ\u00f3mico en Argentina?<\/strong><\/h4>\n\n\n\n<p>La experiencia acumulada por este investigador en nuestro pa\u00eds y en el exterior quiz\u00e1s nos ayude a encontrar el camino para impulsar un crecimiento econ\u00f3mico sustentable en el mundo actual.<\/p>\n\n\n\n<ul class=\"wp-block-list\"><li>Desde 2019 es Investigador Principal del CONICET<\/li><li>Desde 2010 se desempe\u00f1a como Profesor Asociado&nbsp; del Departamento de F\u00edsica de la Universidad de Buenos Aires<\/li><li>Desde 2012 es Director Adjunto del Centro de Investigaciones en Bionanociencias (CIBION, CONICET)<\/li><li>2011-2016 Leader of a Max-Planck-Society&nbsp;Partner Group with Prof. Dr. Stefan W. Hell (MPI biophysikalische Chemie), G\u00f6ttingen, Germany.<\/li><li>2008-2009 Group leader the Physics Department of the Ludwig-Maximilians-Universit\u00e4t M\u00fcnchen (LMU), Munich, Germany. Chair: Prof. Dr. Jochen Feldmann<\/li><li>2006-2008 Research fellow at the Institute of Photonic Sciences (ICFO), Barcelona, Spain. Director: Prof. Dr. Niek van Hulst<\/li><li>2004 -2006 Postdoc at the MPIP.&nbsp;Director: Prof. Dr. W. Knoll<\/li><li>2004 PhD in Natural Sciences.&nbsp;Johannes Gutenberg University Mainz \u2013 Max-Planck-Institute for Polymer Research (MPIP), Mainz, Germany. Director: Prof. Dr. W. Knoll<\/li><li>2001 Materials Engineer. Instituto de Tecnolog\u00eda Prof. Jorge Sabato (IT) \u2013 Buenos Aires, Argentina<\/li><\/ul>\n\n\n\n<ul class=\"wp-block-list\"><li>2017: Georg Foster Research Award, Alexander von Humboldt Foundation \u2013 Germany<\/li><li>2017: Innovar Award in the category Innovation at Universities \u2013 Argentina<\/li><li>2015: Award to Academic Excellence, University of Buenos Aires \u2013 Argentina<\/li><li>2015: Mercator Fellowship of the German Science Foundation (DFG) \u2013 Germany<\/li><li>2014: Award of the National Academy of Exact, Physical and Natural Sciences \u2013 Argentina<\/li><li>2014: Innovar 2014 Award in the category Applied Research \u2013 Argentina<\/li><li>2005: Otto Hahn Medal of the Max-Planck-Society \u2013 Germany<\/li><\/ul>\n\n\n\n<p><\/p>\n","protected":false},"excerpt":{"rendered":"<p>Le pedimos al cient\u00edfico argentino Fernando Stefani que nos responda esta pregunta: \u00bfCu\u00e1l deber\u00eda ser el rol de la ciencia en la innovaci\u00f3n industrial y el crecimiento econ\u00f3mico en Argentina? La experiencia acumulada por este investigador en nuestro pa\u00eds y en el exterior quiz\u00e1s nos ayude a encontrar el camino para impulsar un crecimiento econ\u00f3mico [&hellip;]<\/p>\n","protected":false},"author":1,"featured_media":0,"comment_status":"open","ping_status":"closed","sticky":false,"template":"","format":"standard","meta":{"footnotes":""},"categories":[39],"tags":[],"class_list":["post-766","post","type-post","status-publish","format-standard","hentry","category-el-dia-despues"],"_links":{"self":[{"href":"https:\/\/foroparaeldiadespues.net.ar\/index.php?rest_route=\/wp\/v2\/posts\/766","targetHints":{"allow":["GET"]}}],"collection":[{"href":"https:\/\/foroparaeldiadespues.net.ar\/index.php?rest_route=\/wp\/v2\/posts"}],"about":[{"href":"https:\/\/foroparaeldiadespues.net.ar\/index.php?rest_route=\/wp\/v2\/types\/post"}],"author":[{"embeddable":true,"href":"https:\/\/foroparaeldiadespues.net.ar\/index.php?rest_route=\/wp\/v2\/users\/1"}],"replies":[{"embeddable":true,"href":"https:\/\/foroparaeldiadespues.net.ar\/index.php?rest_route=%2Fwp%2Fv2%2Fcomments&post=766"}],"version-history":[{"count":3,"href":"https:\/\/foroparaeldiadespues.net.ar\/index.php?rest_route=\/wp\/v2\/posts\/766\/revisions"}],"predecessor-version":[{"id":798,"href":"https:\/\/foroparaeldiadespues.net.ar\/index.php?rest_route=\/wp\/v2\/posts\/766\/revisions\/798"}],"wp:attachment":[{"href":"https:\/\/foroparaeldiadespues.net.ar\/index.php?rest_route=%2Fwp%2Fv2%2Fmedia&parent=766"}],"wp:term":[{"taxonomy":"category","embeddable":true,"href":"https:\/\/foroparaeldiadespues.net.ar\/index.php?rest_route=%2Fwp%2Fv2%2Fcategories&post=766"},{"taxonomy":"post_tag","embeddable":true,"href":"https:\/\/foroparaeldiadespues.net.ar\/index.php?rest_route=%2Fwp%2Fv2%2Ftags&post=766"}],"curies":[{"name":"wp","href":"https:\/\/api.w.org\/{rel}","templated":true}]}}