{"id":800,"date":"2020-08-12T07:30:35","date_gmt":"2020-08-12T10:30:35","guid":{"rendered":"https:\/\/foroparaeldiadespues.net.ar\/?p=800"},"modified":"2020-08-12T07:30:36","modified_gmt":"2020-08-12T10:30:36","slug":"esta-viva-vaca-muerta-el-tema-energetico-en-clave-argentina","status":"publish","type":"post","link":"https:\/\/foroparaeldiadespues.net.ar\/?p=800","title":{"rendered":"\u00bfEst\u00e1 viva Vaca Muerta? El tema energ\u00e9tico en clave argentina"},"content":{"rendered":"\n<figure class=\"wp-block-image size-large\"><img loading=\"lazy\" decoding=\"async\" width=\"850\" height=\"850\" src=\"https:\/\/foroparaeldiadespues.net.ar\/wp-content\/uploads\/2020\/08\/ANUNCIO-Fondo-Verde-PONS.jpg\" alt=\"\" class=\"wp-image-801\" srcset=\"https:\/\/foroparaeldiadespues.net.ar\/wp-content\/uploads\/2020\/08\/ANUNCIO-Fondo-Verde-PONS.jpg 850w, https:\/\/foroparaeldiadespues.net.ar\/wp-content\/uploads\/2020\/08\/ANUNCIO-Fondo-Verde-PONS-300x300.jpg 300w, https:\/\/foroparaeldiadespues.net.ar\/wp-content\/uploads\/2020\/08\/ANUNCIO-Fondo-Verde-PONS-150x150.jpg 150w, https:\/\/foroparaeldiadespues.net.ar\/wp-content\/uploads\/2020\/08\/ANUNCIO-Fondo-Verde-PONS-768x768.jpg 768w, https:\/\/foroparaeldiadespues.net.ar\/wp-content\/uploads\/2020\/08\/ANUNCIO-Fondo-Verde-PONS-90x90.jpg 90w\" sizes=\"auto, (max-width: 850px) 100vw, 850px\" \/><\/figure>\n\n\n\n<p>\u00abHace un a\u00f1o, la sociedad argentina ten\u00eda una visi\u00f3n del mundo presente y expectativas del devenir. Hoy, algunas de esas tendencias se han profundizado y hay nuevos fen\u00f3menos que impactan sobre la realidad.<\/p>\n\n\n\n<p>Cuando asumi\u00f3 el nuevo gobierno, en diciembre, ten\u00eda un esquema de inicio basado en la r\u00e1pida soluci\u00f3n del endeudamiento externo y un aprovechamiento estrat\u00e9gico de Vaca Muerta.<\/p>\n\n\n\n<p>Hoy, arreglada la deuda externa aunque en un nivel diferente al previsto, nos encontramos con condiciones externas no tan favorables para Vaca Muerta.<\/p>\n\n\n\n<p>Es hora de redefinir los nuevos escenarios estrat\u00e9gicos en general y para nuestra pol\u00edtica energ\u00e9tica.\u00bb<\/p>\n\n\n\n<p>El pensamiento del Lic. Roberto Pons anticipaba su brillante exposici\u00f3n de un tema tan vigente como\u00a0 estrat\u00e9gico:<\/p>\n\n\n\n<figure class=\"wp-block-embed-youtube wp-block-embed is-type-video is-provider-youtube wp-embed-aspect-16-9 wp-has-aspect-ratio\"><div class=\"wp-block-embed__wrapper\">\n<iframe loading=\"lazy\"  id=\"_ytid_50301\"  width=\"480\" height=\"270\"  data-origwidth=\"480\" data-origheight=\"270\"  data-relstop=\"1\" src=\"https:\/\/www.youtube.com\/embed\/65oMg-iRNig?enablejsapi=1&#038;autoplay=0&#038;cc_load_policy=0&#038;cc_lang_pref=&#038;iv_load_policy=1&#038;loop=0&#038;rel=0&#038;fs=1&#038;playsinline=0&#038;autohide=2&#038;theme=dark&#038;color=red&#038;controls=1&#038;disablekb=0&#038;\" class=\"__youtube_prefs__  epyt-is-override  no-lazyload\" title=\"YouTube player\"  allow=\"fullscreen; accelerometer; autoplay; clipboard-write; encrypted-media; gyroscope; picture-in-picture; web-share\" referrerpolicy=\"strict-origin-when-cross-origin\" allowfullscreen data-no-lazy=\"1\" data-skipgform_ajax_framebjll=\"\"><\/iframe>\n<\/div><figcaption><strong>VIDEO COMPLETO DE LA EXPOSICI\u00d3N DEL LIC. PONS<\/strong><\/figcaption><\/figure>\n\n\n\n<p><\/p>\n","protected":false},"excerpt":{"rendered":"<p>\u00abHace un a\u00f1o, la sociedad argentina ten\u00eda una visi\u00f3n del mundo presente y expectativas del devenir. Hoy, algunas de esas tendencias se han profundizado y hay nuevos fen\u00f3menos que impactan sobre la realidad. Cuando asumi\u00f3 el nuevo gobierno, en diciembre, ten\u00eda un esquema de inicio basado en la r\u00e1pida soluci\u00f3n del endeudamiento externo y un [&hellip;]<\/p>\n","protected":false},"author":1,"featured_media":0,"comment_status":"open","ping_status":"closed","sticky":false,"template":"","format":"standard","meta":{"footnotes":""},"categories":[39],"tags":[],"class_list":["post-800","post","type-post","status-publish","format-standard","hentry","category-el-dia-despues"],"_links":{"self":[{"href":"https:\/\/foroparaeldiadespues.net.ar\/index.php?rest_route=\/wp\/v2\/posts\/800","targetHints":{"allow":["GET"]}}],"collection":[{"href":"https:\/\/foroparaeldiadespues.net.ar\/index.php?rest_route=\/wp\/v2\/posts"}],"about":[{"href":"https:\/\/foroparaeldiadespues.net.ar\/index.php?rest_route=\/wp\/v2\/types\/post"}],"author":[{"embeddable":true,"href":"https:\/\/foroparaeldiadespues.net.ar\/index.php?rest_route=\/wp\/v2\/users\/1"}],"replies":[{"embeddable":true,"href":"https:\/\/foroparaeldiadespues.net.ar\/index.php?rest_route=%2Fwp%2Fv2%2Fcomments&post=800"}],"version-history":[{"count":1,"href":"https:\/\/foroparaeldiadespues.net.ar\/index.php?rest_route=\/wp\/v2\/posts\/800\/revisions"}],"predecessor-version":[{"id":802,"href":"https:\/\/foroparaeldiadespues.net.ar\/index.php?rest_route=\/wp\/v2\/posts\/800\/revisions\/802"}],"wp:attachment":[{"href":"https:\/\/foroparaeldiadespues.net.ar\/index.php?rest_route=%2Fwp%2Fv2%2Fmedia&parent=800"}],"wp:term":[{"taxonomy":"category","embeddable":true,"href":"https:\/\/foroparaeldiadespues.net.ar\/index.php?rest_route=%2Fwp%2Fv2%2Fcategories&post=800"},{"taxonomy":"post_tag","embeddable":true,"href":"https:\/\/foroparaeldiadespues.net.ar\/index.php?rest_route=%2Fwp%2Fv2%2Ftags&post=800"}],"curies":[{"name":"wp","href":"https:\/\/api.w.org\/{rel}","templated":true}]}}