{"id":806,"date":"2020-08-18T10:43:37","date_gmt":"2020-08-18T13:43:37","guid":{"rendered":"https:\/\/foroparaeldiadespues.net.ar\/?p=806"},"modified":"2020-08-26T15:35:19","modified_gmt":"2020-08-26T18:35:19","slug":"las-empresas-de-plataforma-y-el-futuro-de-las-pymes","status":"publish","type":"post","link":"https:\/\/foroparaeldiadespues.net.ar\/?p=806","title":{"rendered":"LAS EMPRESAS DE PLATAFORMA  Y EL FUTURO DE LAS PYMES"},"content":{"rendered":"\n<figure class=\"wp-block-image size-large\"><img loading=\"lazy\" decoding=\"async\" width=\"850\" height=\"850\" src=\"https:\/\/foroparaeldiadespues.net.ar\/wp-content\/uploads\/2020\/08\/ANUNCIO-Fondo-Verde-SIRO.jpg\" alt=\"\" class=\"wp-image-807\" srcset=\"https:\/\/foroparaeldiadespues.net.ar\/wp-content\/uploads\/2020\/08\/ANUNCIO-Fondo-Verde-SIRO.jpg 850w, https:\/\/foroparaeldiadespues.net.ar\/wp-content\/uploads\/2020\/08\/ANUNCIO-Fondo-Verde-SIRO-300x300.jpg 300w, https:\/\/foroparaeldiadespues.net.ar\/wp-content\/uploads\/2020\/08\/ANUNCIO-Fondo-Verde-SIRO-150x150.jpg 150w, https:\/\/foroparaeldiadespues.net.ar\/wp-content\/uploads\/2020\/08\/ANUNCIO-Fondo-Verde-SIRO-768x768.jpg 768w, https:\/\/foroparaeldiadespues.net.ar\/wp-content\/uploads\/2020\/08\/ANUNCIO-Fondo-Verde-SIRO-90x90.jpg 90w\" sizes=\"auto, (max-width: 850px) 100vw, 850px\" \/><\/figure>\n\n\n\n<p>Las \u00abEmpresas de Plataforma\u00bb (EP) basan su organizaci\u00f3n en sistemas inform\u00e1ticos para la asignaci\u00f3n de tareas y el control de los trabajadores que las realizan.<\/p>\n\n\n\n<p>Esos sistemas inform\u00e1ticos utilizan procedimientos de Inteligencia Artificial que les permiten reconocer los eventos de la realidad, aprender de ellos y modificar autom\u00e1ticamente la asignaci\u00f3n y control de tareas en funci\u00f3n de los objetivos gen\u00e9ricos con los fueron creados sin intervenci\u00f3n humana y aplicando sus propios criterios de optimizaci\u00f3n.<\/p>\n\n\n\n<p>Glovo y Uber son emergentes de una modalidad empresarial que tiene enorme posibilidades de extenderse al conjunto de las tareas de gesti\u00f3n, tanto en el \u00e1mbito privado como el p\u00fablico.<\/p>\n\n\n\n<p><strong>Esa expansi\u00f3n alcanza no s\u00f3lo a los trabajadores que ven amenazados sus derechos, sino que pone en riesgo a las empresas de origen local, especialmente las peque\u00f1as y medianas, fuente principal de la demanda laboral en nuestro pa\u00eds<\/strong><\/p>\n\n\n\n<figure class=\"wp-block-embed-youtube wp-block-embed is-type-video is-provider-youtube wp-embed-aspect-4-3 wp-has-aspect-ratio\"><div class=\"wp-block-embed__wrapper\">\n<iframe loading=\"lazy\"  id=\"_ytid_43922\"  width=\"480\" height=\"360\"  data-origwidth=\"480\" data-origheight=\"360\"  data-relstop=\"1\" src=\"https:\/\/www.youtube.com\/embed\/aus4eP5RmDU?enablejsapi=1&#038;autoplay=0&#038;cc_load_policy=0&#038;cc_lang_pref=&#038;iv_load_policy=1&#038;loop=0&#038;rel=0&#038;fs=1&#038;playsinline=0&#038;autohide=2&#038;theme=dark&#038;color=red&#038;controls=1&#038;disablekb=0&#038;\" class=\"__youtube_prefs__  epyt-is-override  no-lazyload\" title=\"YouTube player\"  allow=\"fullscreen; accelerometer; autoplay; clipboard-write; encrypted-media; gyroscope; picture-in-picture; web-share\" referrerpolicy=\"strict-origin-when-cross-origin\" allowfullscreen data-no-lazy=\"1\" data-skipgform_ajax_framebjll=\"\"><\/iframe>\n<\/div><\/figure>\n","protected":false},"excerpt":{"rendered":"<p>Las \u00abEmpresas de Plataforma\u00bb (EP) basan su organizaci\u00f3n en sistemas inform\u00e1ticos para la asignaci\u00f3n de tareas y el control de los trabajadores que las realizan. Esos sistemas inform\u00e1ticos utilizan procedimientos de Inteligencia Artificial que les permiten reconocer los eventos de la realidad, aprender de ellos y modificar autom\u00e1ticamente la asignaci\u00f3n y control de tareas en [&hellip;]<\/p>\n","protected":false},"author":1,"featured_media":0,"comment_status":"open","ping_status":"closed","sticky":false,"template":"","format":"standard","meta":{"footnotes":""},"categories":[39],"tags":[],"class_list":["post-806","post","type-post","status-publish","format-standard","hentry","category-el-dia-despues"],"_links":{"self":[{"href":"https:\/\/foroparaeldiadespues.net.ar\/index.php?rest_route=\/wp\/v2\/posts\/806","targetHints":{"allow":["GET"]}}],"collection":[{"href":"https:\/\/foroparaeldiadespues.net.ar\/index.php?rest_route=\/wp\/v2\/posts"}],"about":[{"href":"https:\/\/foroparaeldiadespues.net.ar\/index.php?rest_route=\/wp\/v2\/types\/post"}],"author":[{"embeddable":true,"href":"https:\/\/foroparaeldiadespues.net.ar\/index.php?rest_route=\/wp\/v2\/users\/1"}],"replies":[{"embeddable":true,"href":"https:\/\/foroparaeldiadespues.net.ar\/index.php?rest_route=%2Fwp%2Fv2%2Fcomments&post=806"}],"version-history":[{"count":1,"href":"https:\/\/foroparaeldiadespues.net.ar\/index.php?rest_route=\/wp\/v2\/posts\/806\/revisions"}],"predecessor-version":[{"id":808,"href":"https:\/\/foroparaeldiadespues.net.ar\/index.php?rest_route=\/wp\/v2\/posts\/806\/revisions\/808"}],"wp:attachment":[{"href":"https:\/\/foroparaeldiadespues.net.ar\/index.php?rest_route=%2Fwp%2Fv2%2Fmedia&parent=806"}],"wp:term":[{"taxonomy":"category","embeddable":true,"href":"https:\/\/foroparaeldiadespues.net.ar\/index.php?rest_route=%2Fwp%2Fv2%2Fcategories&post=806"},{"taxonomy":"post_tag","embeddable":true,"href":"https:\/\/foroparaeldiadespues.net.ar\/index.php?rest_route=%2Fwp%2Fv2%2Ftags&post=806"}],"curies":[{"name":"wp","href":"https:\/\/api.w.org\/{rel}","templated":true}]}}