{"id":838,"date":"2020-09-17T09:15:38","date_gmt":"2020-09-17T12:15:38","guid":{"rendered":"https:\/\/foroparaeldiadespues.net.ar\/?p=838"},"modified":"2020-09-17T10:03:12","modified_gmt":"2020-09-17T13:03:12","slug":"defensa-nacional-una-politica-de-estado-para-el-dia-despues","status":"publish","type":"post","link":"https:\/\/foroparaeldiadespues.net.ar\/?p=838","title":{"rendered":"DEFENSA NACIONAL                 Una pol\u00edtica de Estado               para el D\u00eda Despu\u00e9s"},"content":{"rendered":"\n<figure class=\"wp-block-image size-large\"><img loading=\"lazy\" decoding=\"async\" width=\"850\" height=\"850\" src=\"https:\/\/foroparaeldiadespues.net.ar\/wp-content\/uploads\/2020\/09\/ANUNCIO-Fondo-Verde-ROSSI.jpg\" alt=\"\" class=\"wp-image-839\" srcset=\"https:\/\/foroparaeldiadespues.net.ar\/wp-content\/uploads\/2020\/09\/ANUNCIO-Fondo-Verde-ROSSI.jpg 850w, https:\/\/foroparaeldiadespues.net.ar\/wp-content\/uploads\/2020\/09\/ANUNCIO-Fondo-Verde-ROSSI-300x300.jpg 300w, https:\/\/foroparaeldiadespues.net.ar\/wp-content\/uploads\/2020\/09\/ANUNCIO-Fondo-Verde-ROSSI-150x150.jpg 150w, https:\/\/foroparaeldiadespues.net.ar\/wp-content\/uploads\/2020\/09\/ANUNCIO-Fondo-Verde-ROSSI-768x768.jpg 768w, https:\/\/foroparaeldiadespues.net.ar\/wp-content\/uploads\/2020\/09\/ANUNCIO-Fondo-Verde-ROSSI-90x90.jpg 90w\" sizes=\"auto, (max-width: 850px) 100vw, 850px\" \/><\/figure>\n\n\n\n<p><strong>El mundo est\u00e1 viviendo un proceso de cambio que la pandemia ha acelerado. Nuestro pa\u00eds no es ajeno al mismo: es posible percibir la profundidad de los cambios que est\u00e1n sucediendo en las estructuras de producci\u00f3n y servicios, en las relaciones sociales, en los escenarios geopol\u00edticos. La defensa de la Naci\u00f3n enfrenta el desaf\u00edo de adecuar sus estrategias al nuevo escenario.<\/strong><\/p>\n\n\n\n<p><strong>\u00bfCu\u00e1l deber\u00eda ser la pol\u00edtica de Estado que la Argentina debe implementar para el d\u00eda despu\u00e9s? &nbsp;<\/strong><\/p>\n\n\n\n<figure class=\"wp-block-embed-youtube wp-block-embed is-type-video is-provider-youtube wp-embed-aspect-16-9 wp-has-aspect-ratio\"><div class=\"wp-block-embed__wrapper\">\n<iframe loading=\"lazy\"  id=\"_ytid_15526\"  width=\"480\" height=\"270\"  data-origwidth=\"480\" data-origheight=\"270\"  data-relstop=\"1\" src=\"https:\/\/www.youtube.com\/embed\/wz8jlGAkdZw?enablejsapi=1&#038;autoplay=0&#038;cc_load_policy=0&#038;cc_lang_pref=&#038;iv_load_policy=1&#038;loop=0&#038;rel=0&#038;fs=1&#038;playsinline=0&#038;autohide=2&#038;theme=dark&#038;color=red&#038;controls=1&#038;disablekb=0&#038;\" class=\"__youtube_prefs__  epyt-is-override  no-lazyload\" title=\"YouTube player\"  allow=\"fullscreen; accelerometer; autoplay; clipboard-write; encrypted-media; gyroscope; picture-in-picture; web-share\" referrerpolicy=\"strict-origin-when-cross-origin\" allowfullscreen data-no-lazy=\"1\" data-skipgform_ajax_framebjll=\"\"><\/iframe>\n<\/div><figcaption><strong>VIDEO COMPLETO DE LA EXPOSICION DEL Secretario ROSSI<\/strong><\/figcaption><\/figure>\n","protected":false},"excerpt":{"rendered":"<p>El mundo est\u00e1 viviendo un proceso de cambio que la pandemia ha acelerado. Nuestro pa\u00eds no es ajeno al mismo: es posible percibir la profundidad de los cambios que est\u00e1n sucediendo en las estructuras de producci\u00f3n y servicios, en las relaciones sociales, en los escenarios geopol\u00edticos. La defensa de la Naci\u00f3n enfrenta el desaf\u00edo de [&hellip;]<\/p>\n","protected":false},"author":1,"featured_media":0,"comment_status":"open","ping_status":"closed","sticky":false,"template":"","format":"standard","meta":{"footnotes":""},"categories":[1],"tags":[],"class_list":["post-838","post","type-post","status-publish","format-standard","hentry","category-uncategorized"],"_links":{"self":[{"href":"https:\/\/foroparaeldiadespues.net.ar\/index.php?rest_route=\/wp\/v2\/posts\/838","targetHints":{"allow":["GET"]}}],"collection":[{"href":"https:\/\/foroparaeldiadespues.net.ar\/index.php?rest_route=\/wp\/v2\/posts"}],"about":[{"href":"https:\/\/foroparaeldiadespues.net.ar\/index.php?rest_route=\/wp\/v2\/types\/post"}],"author":[{"embeddable":true,"href":"https:\/\/foroparaeldiadespues.net.ar\/index.php?rest_route=\/wp\/v2\/users\/1"}],"replies":[{"embeddable":true,"href":"https:\/\/foroparaeldiadespues.net.ar\/index.php?rest_route=%2Fwp%2Fv2%2Fcomments&post=838"}],"version-history":[{"count":2,"href":"https:\/\/foroparaeldiadespues.net.ar\/index.php?rest_route=\/wp\/v2\/posts\/838\/revisions"}],"predecessor-version":[{"id":846,"href":"https:\/\/foroparaeldiadespues.net.ar\/index.php?rest_route=\/wp\/v2\/posts\/838\/revisions\/846"}],"wp:attachment":[{"href":"https:\/\/foroparaeldiadespues.net.ar\/index.php?rest_route=%2Fwp%2Fv2%2Fmedia&parent=838"}],"wp:term":[{"taxonomy":"category","embeddable":true,"href":"https:\/\/foroparaeldiadespues.net.ar\/index.php?rest_route=%2Fwp%2Fv2%2Fcategories&post=838"},{"taxonomy":"post_tag","embeddable":true,"href":"https:\/\/foroparaeldiadespues.net.ar\/index.php?rest_route=%2Fwp%2Fv2%2Ftags&post=838"}],"curies":[{"name":"wp","href":"https:\/\/api.w.org\/{rel}","templated":true}]}}