{"id":978,"date":"2020-11-24T10:18:54","date_gmt":"2020-11-24T13:18:54","guid":{"rendered":"https:\/\/foroparaeldiadespues.net.ar\/?p=978"},"modified":"2020-11-24T11:09:51","modified_gmt":"2020-11-24T14:09:51","slug":"economia-verde","status":"publish","type":"post","link":"https:\/\/foroparaeldiadespues.net.ar\/?p=978","title":{"rendered":"ECONOM\u00cdA VERDE"},"content":{"rendered":"\n<figure class=\"wp-block-image size-large\"><img loading=\"lazy\" decoding=\"async\" width=\"850\" height=\"850\" src=\"https:\/\/foroparaeldiadespues.net.ar\/wp-content\/uploads\/2020\/11\/ANUNCIO-Fondo-Verde-ENSINCK.jpg\" alt=\"\" class=\"wp-image-977\" srcset=\"https:\/\/foroparaeldiadespues.net.ar\/wp-content\/uploads\/2020\/11\/ANUNCIO-Fondo-Verde-ENSINCK.jpg 850w, https:\/\/foroparaeldiadespues.net.ar\/wp-content\/uploads\/2020\/11\/ANUNCIO-Fondo-Verde-ENSINCK-300x300.jpg 300w, https:\/\/foroparaeldiadespues.net.ar\/wp-content\/uploads\/2020\/11\/ANUNCIO-Fondo-Verde-ENSINCK-150x150.jpg 150w, https:\/\/foroparaeldiadespues.net.ar\/wp-content\/uploads\/2020\/11\/ANUNCIO-Fondo-Verde-ENSINCK-768x768.jpg 768w, https:\/\/foroparaeldiadespues.net.ar\/wp-content\/uploads\/2020\/11\/ANUNCIO-Fondo-Verde-ENSINCK-90x90.jpg 90w\" sizes=\"auto, (max-width: 850px) 100vw, 850px\" \/><figcaption><strong>Un modelo para la reactivaci\u00f3n post pandemia &#8211; Ciudades sustentables y resilientes<br>Transici\u00f3n Energ\u00e9tica. Nuevos empleos verdes. <\/strong><\/figcaption><\/figure>\n\n\n\n<figure class=\"wp-block-embed-youtube wp-block-embed is-type-video is-provider-youtube wp-embed-aspect-4-3 wp-has-aspect-ratio\"><div class=\"wp-block-embed__wrapper\">\n<iframe loading=\"lazy\"  id=\"_ytid_81571\"  width=\"480\" height=\"360\"  data-origwidth=\"480\" data-origheight=\"360\"  data-relstop=\"1\" src=\"https:\/\/www.youtube.com\/embed\/SJY09DWsIWw?enablejsapi=1&#038;autoplay=0&#038;cc_load_policy=0&#038;cc_lang_pref=&#038;iv_load_policy=1&#038;loop=0&#038;rel=0&#038;fs=1&#038;playsinline=0&#038;autohide=2&#038;theme=dark&#038;color=red&#038;controls=1&#038;disablekb=0&#038;\" class=\"__youtube_prefs__  epyt-is-override  no-lazyload\" title=\"YouTube player\"  allow=\"fullscreen; accelerometer; autoplay; clipboard-write; encrypted-media; gyroscope; picture-in-picture; web-share\" referrerpolicy=\"strict-origin-when-cross-origin\" allowfullscreen data-no-lazy=\"1\" data-skipgform_ajax_framebjll=\"\"><\/iframe>\n<\/div><figcaption><strong>VIDEO COMPLETO DE LA EXPOSICI\u00d3N<\/strong><\/figcaption><\/figure>\n","protected":false},"excerpt":{"rendered":"","protected":false},"author":1,"featured_media":0,"comment_status":"open","ping_status":"closed","sticky":false,"template":"","format":"standard","meta":{"footnotes":""},"categories":[1],"tags":[],"class_list":["post-978","post","type-post","status-publish","format-standard","hentry","category-uncategorized"],"_links":{"self":[{"href":"https:\/\/foroparaeldiadespues.net.ar\/index.php?rest_route=\/wp\/v2\/posts\/978","targetHints":{"allow":["GET"]}}],"collection":[{"href":"https:\/\/foroparaeldiadespues.net.ar\/index.php?rest_route=\/wp\/v2\/posts"}],"about":[{"href":"https:\/\/foroparaeldiadespues.net.ar\/index.php?rest_route=\/wp\/v2\/types\/post"}],"author":[{"embeddable":true,"href":"https:\/\/foroparaeldiadespues.net.ar\/index.php?rest_route=\/wp\/v2\/users\/1"}],"replies":[{"embeddable":true,"href":"https:\/\/foroparaeldiadespues.net.ar\/index.php?rest_route=%2Fwp%2Fv2%2Fcomments&post=978"}],"version-history":[{"count":3,"href":"https:\/\/foroparaeldiadespues.net.ar\/index.php?rest_route=\/wp\/v2\/posts\/978\/revisions"}],"predecessor-version":[{"id":985,"href":"https:\/\/foroparaeldiadespues.net.ar\/index.php?rest_route=\/wp\/v2\/posts\/978\/revisions\/985"}],"wp:attachment":[{"href":"https:\/\/foroparaeldiadespues.net.ar\/index.php?rest_route=%2Fwp%2Fv2%2Fmedia&parent=978"}],"wp:term":[{"taxonomy":"category","embeddable":true,"href":"https:\/\/foroparaeldiadespues.net.ar\/index.php?rest_route=%2Fwp%2Fv2%2Fcategories&post=978"},{"taxonomy":"post_tag","embeddable":true,"href":"https:\/\/foroparaeldiadespues.net.ar\/index.php?rest_route=%2Fwp%2Fv2%2Ftags&post=978"}],"curies":[{"name":"wp","href":"https:\/\/api.w.org\/{rel}","templated":true}]}}